{"id":526,"date":"2026-03-12T12:22:31","date_gmt":"2026-03-12T11:22:31","guid":{"rendered":"https:\/\/www.dv-sentjernej.si\/dv\/?p=526"},"modified":"2026-03-12T12:22:31","modified_gmt":"2026-03-12T11:22:31","slug":"vabilo-na-cistilno-akcijo-2026","status":"publish","type":"post","link":"https:\/\/www.dv-sentjernej.si\/dv\/vabilo-na-cistilno-akcijo-2026\/","title":{"rendered":"VABILO NA \u010cISTILNO AKCIJO 2026"},"content":{"rendered":"\n<div class=\"wp-block-buttons is-layout-flex wp-block-buttons-is-layout-flex\"><\/div>\n\n\n\n<p>Ob\u010dina \u0160entjernej v sodelovanju z JP ED\u0160, d.o.o. \u0160entjernej v soboto, 21. marca<\/p>\n\n\n\n<p>2026 vabi vsa dru\u0161tva in skupine, da se v \u010dim ve\u010djem \u0161tevilu udele\u017eite \u010distilne akcije<\/p>\n\n\n\n<p>na obmo\u010dju ob\u010dine \u0160entjernej.<\/p>\n\n\n\n<p>Zbrali se bomo ob 8 uri zjutraj pri posameznem predstavniku vinske gorice, pri katerem se tudi prijavite do nedelje 15.marca. Vsak udele\u017eenec prejme tudi malico.<\/p>\n\n\n\n<p>Predstavniki vinskih goric:<br>1. Roman Tramte &nbsp;(031 304 437)-Tolsti vrh<br>2. Andrej Vu\u010dko (051 654 442) Vajn dol, Ti\u010dnca,&nbsp; Vrhpolje, Dolge njive, Ore\u0161je, Gaj<br>3. Matej Re\u0161eti\u010d (031 634 400) &#8211; Vrbovce, \u0160trajbus<br>4. Ivan Zore (041 852 330) &#8211; \u0160krivno, Ban, Son\u010dnik, Pleterski hrib, R\u017ei\u0161\u010de<br>5. Boris Kova\u010di\u010d (041 745 666)- Kira, Stra\u017enk, Nova gora<\/p>\n\n\n\n<p>\u010ce va\u0161e vinske gorice ni na seznamu se prijavite predstavniku vam najbli\u017eje.<br><br><\/p>\n\n\n\n<p>Po kon\u010dani \u010distilni akciji odpadke odlo\u017eite na ekolo\u0161kih otokih ali pokli\u010dite JP ED\u0160,<\/p>\n\n\n\n<p>d.o.o. \u0160entjernej na de\u017eurno \u0161tevilko: 031 739 701 za odvoz vre\u010d s smetmi.<\/p>\n\n\n\n<p>Vabimo vas, da se \u010distilne akcije udele\u017eite v \u010dim ve\u010djem \u0161tevilu ter da ste primerno<\/p>\n\n\n\n<p>obuti in oble\u010deni.<\/p>\n\n\n\n<p>Vabljeni k sodelovanju za \u010disto in urejeno \u0161entjernejsko dolino.<\/p>\n\n\n\n<p>Predsednik Dru\u0161tva vinogradnikov<\/p>\n\n\n\n<p>Gregor \u0160terk<\/p>\n\n\n\n<p><\/p>\n","protected":false},"excerpt":{"rendered":"<p>Ob\u010dina \u0160entjernej v sodelovanju z JP ED\u0160, d.o.o. \u0160entjernej v soboto, 21. marca 2026 vabi vsa dru\u0161tva in skupine, da se v \u010dim ve\u010djem \u0161tevilu udele\u017eite \u010distilne akcije na obmo\u010dju ob\u010dine \u0160entjernej. Zbrali se bomo ob 8 uri zjutraj pri posameznem predstavniku vinske gorice, pri katerem se tudi prijavite do nedelje 15.marca. Vsak udele\u017eenec prejme [&hellip;]<\/p>\n","protected":false},"author":2,"featured_media":143,"comment_status":"open","ping_status":"open","sticky":false,"template":"","format":"standard","meta":{"_editorskit_title_hidden":false,"_editorskit_reading_time":1,"_editorskit_is_block_options_detached":false,"_editorskit_block_options_position":"{}","footnotes":""},"categories":[6],"tags":[],"class_list":["post-526","post","type-post","status-publish","format-standard","has-post-thumbnail","hentry","category-aktualno"],"_links":{"self":[{"href":"https:\/\/www.dv-sentjernej.si\/dv\/wp-json\/wp\/v2\/posts\/526","targetHints":{"allow":["GET"]}}],"collection":[{"href":"https:\/\/www.dv-sentjernej.si\/dv\/wp-json\/wp\/v2\/posts"}],"about":[{"href":"https:\/\/www.dv-sentjernej.si\/dv\/wp-json\/wp\/v2\/types\/post"}],"author":[{"embeddable":true,"href":"https:\/\/www.dv-sentjernej.si\/dv\/wp-json\/wp\/v2\/users\/2"}],"replies":[{"embeddable":true,"href":"https:\/\/www.dv-sentjernej.si\/dv\/wp-json\/wp\/v2\/comments?post=526"}],"version-history":[{"count":1,"href":"https:\/\/www.dv-sentjernej.si\/dv\/wp-json\/wp\/v2\/posts\/526\/revisions"}],"predecessor-version":[{"id":527,"href":"https:\/\/www.dv-sentjernej.si\/dv\/wp-json\/wp\/v2\/posts\/526\/revisions\/527"}],"wp:featuredmedia":[{"embeddable":true,"href":"https:\/\/www.dv-sentjernej.si\/dv\/wp-json\/wp\/v2\/media\/143"}],"wp:attachment":[{"href":"https:\/\/www.dv-sentjernej.si\/dv\/wp-json\/wp\/v2\/media?parent=526"}],"wp:term":[{"taxonomy":"category","embeddable":true,"href":"https:\/\/www.dv-sentjernej.si\/dv\/wp-json\/wp\/v2\/categories?post=526"},{"taxonomy":"post_tag","embeddable":true,"href":"https:\/\/www.dv-sentjernej.si\/dv\/wp-json\/wp\/v2\/tags?post=526"}],"curies":[{"name":"wp","href":"https:\/\/api.w.org\/{rel}","templated":true}]}}